{"id":8821,"date":"2022-02-09T10:24:34","date_gmt":"2022-02-09T09:24:34","guid":{"rendered":"https:\/\/alternatiba.eu\/nantes-oca\/?p=8821"},"modified":"2023-01-27T23:29:03","modified_gmt":"2023-01-27T22:29:03","slug":"comment-organiser-une-coordo-mensuelle","status":"publish","type":"post","link":"https:\/\/alternatiba.eu\/nantes-oca\/comment-organiser-une-coordo-mensuelle\/","title":{"rendered":"Comment organiser une coordo mensuelle?"},"content":{"rendered":"\n<h2 class=\"wp-block-heading\"><\/h2>\n\n\n\n<p>Les dates des coordinations mensuelles sont d\u00e9cid\u00e9es en coordination. <\/p>\n\n\n\n<p>Pour commencer, il faut choisir le lieu, cela peut \u00eatre \u00e0 la Maison des Citoyens du Monde : il faut r\u00e9server en appelant ou en envoyant un mail \u00e0 Olivier : o.autin@mcm44.org ou au Chapeau Rouge, ou ailleurs.<\/p>\n\n\n\n<p>Ensuite il faut pr\u00e9parer un mail \u00e0 envoyer \u00e0 toute la liste coordo Alternatiba et GIGNV pour pr\u00e9venir de la date de la coordo et du lieu. Il faut indiquer que l&rsquo;ordre du jour est en cours d&rsquo;\u00e9laboration et qu&rsquo;il est possible de contacter les organisateurs et organisatrices pour le modifier \/ l&rsquo;amender.<\/p>\n\n\n\n<p>Pr\u00e9parer l&rsquo;ODJ<\/p>\n\n\n\n<p>Animer et prendre le CR de la r\u00e9union<\/p>\n\n\n\n<p>Envoyer le CR de la r\u00e9union aux listes coordo<\/p>\n\n\n\n<p><a href=\"https:\/\/cloud.labasenantes.org\/s\/JSWr3Pa8T3iJ5iN\">Voir la liste Todo list compl\u00e8te<\/a> <\/p>\n","protected":false},"excerpt":{"rendered":"<p>Les dates des coordinations mensuelles sont d\u00e9cid\u00e9es en coordination. Pour commencer, il faut choisir le lieu, cela peut \u00eatre \u00e0 la Maison des Citoyens du Monde : il faut r\u00e9server en appelant ou en envoyant un mail \u00e0 Olivier : o.autin@mcm44.org ou au Chapeau Rouge, ou ailleurs. Ensuite il faut pr\u00e9parer un mail \u00e0 envoyer \u00e0 toute la liste coordo Alternatiba et GIGNV pour pr\u00e9venir de la date de la coordo et du lieu. Il faut indiquer que l&rsquo;ordre du jour est en cours d&rsquo;\u00e9laboration et qu&rsquo;il est possible de contacter les organisateurs et organisatrices pour le modifier \/ l&rsquo;amender. Pr\u00e9parer l&rsquo;ODJ Animer et prendre le CR de la r\u00e9union Envoyer le CR de la r\u00e9union aux listes coordo Voir la liste Todo list compl\u00e8te<\/p>\n","protected":false},"author":91,"featured_media":0,"comment_status":"open","ping_status":"open","sticky":false,"template":"","format":"standard","meta":{"_bbp_topic_count":0,"_bbp_reply_count":0,"_bbp_total_topic_count":0,"_bbp_total_reply_count":0,"_bbp_voice_count":0,"_bbp_anonymous_reply_count":0,"_bbp_topic_count_hidden":0,"_bbp_reply_count_hidden":0,"_bbp_forum_subforum_count":0,"footnotes":""},"categories":[1],"tags":[56,55],"jetpack_featured_media_url":"","_links":{"self":[{"href":"https:\/\/alternatiba.eu\/nantes-oca\/wp-json\/wp\/v2\/posts\/8821"}],"collection":[{"href":"https:\/\/alternatiba.eu\/nantes-oca\/wp-json\/wp\/v2\/posts"}],"about":[{"href":"https:\/\/alternatiba.eu\/nantes-oca\/wp-json\/wp\/v2\/types\/post"}],"author":[{"embeddable":true,"href":"https:\/\/alternatiba.eu\/nantes-oca\/wp-json\/wp\/v2\/users\/91"}],"replies":[{"embeddable":true,"href":"https:\/\/alternatiba.eu\/nantes-oca\/wp-json\/wp\/v2\/comments?post=8821"}],"version-history":[{"count":3,"href":"https:\/\/alternatiba.eu\/nantes-oca\/wp-json\/wp\/v2\/posts\/8821\/revisions"}],"predecessor-version":[{"id":9243,"href":"https:\/\/alternatiba.eu\/nantes-oca\/wp-json\/wp\/v2\/posts\/8821\/revisions\/9243"}],"wp:attachment":[{"href":"https:\/\/alternatiba.eu\/nantes-oca\/wp-json\/wp\/v2\/media?parent=8821"}],"wp:term":[{"taxonomy":"category","embeddable":true,"href":"https:\/\/alternatiba.eu\/nantes-oca\/wp-json\/wp\/v2\/categories?post=8821"},{"taxonomy":"post_tag","embeddable":true,"href":"https:\/\/alternatiba.eu\/nantes-oca\/wp-json\/wp\/v2\/tags?post=8821"}],"curies":[{"name":"wp","href":"https:\/\/api.w.org\/{rel}","templated":true}]}}